{"id":5807,"date":"2017-03-13T16:02:28","date_gmt":"2017-03-13T15:02:28","guid":{"rendered":"http:\/\/gregpenne.com\/mainsite\/?p=5807"},"modified":"2017-03-13T16:05:40","modified_gmt":"2017-03-13T15:05:40","slug":"the-ocean-initiative-2017-kick-off-weekend-soon","status":"publish","type":"post","link":"https:\/\/gregpenne.com\/mainsite\/the-ocean-initiative-2017-kick-off-weekend-soon\/","title":{"rendered":"The Ocean Initiative 2017 kick-off weekend soon !"},"content":{"rendered":"<div id=\"utvs_69f46d1309877\" class=\"ut-shortcode-video-wrap \"><figure class=\"ut-video-caption\"><a class=\"ut-load-video\" data-nonce=\"c556e19f44\" data-location=\"inline\" data-video=\"https:\/\/youtu.be\/QqRs0S1Kk2c\"><img decoding=\"async\" alt=\"Video\" src=\"http:\/\/gregpenne.com\/mainsite\/wp-content\/uploads\/2017\/03\/SURFRIDER-FOUNDATION-Europe-Initiatives-Oceanes-2017-Video-How-To-Do.png\" \/><i class=\"fa fa-youtube-play fa-4x fa-border\"><\/i><\/a><\/figure><div class=\"ut-video-loading\"><i class=\"fa fa-spinner fa-3x fa-spin\"><\/i><\/div><\/div>\n<p>Ramassons nos d\u00e9chets avant que la mer ne s\u2019en charge !\u00a0Le moment id\u00e9al pour organiser une collecte de d\u00e9chets ?\u00a0<b>Le weekend phare des\u00a0<a href=\"http:\/\/l.surfrider.eu\/lnk\/ADwAH7aJtlIAAUpruYQAAGyv2fgAARpeEukAGpIXAAfIWQBYxnBXkEAqBnO8Riqe0X7OVtcB-wAHT7k\/4\/WbrwUtkIILArCZjiy1HrDg\/aHR0cDovL3d3dy5pbml0aWF0aXZlc29jZWFuZXMub3JnLz91dG1fc291cmNlPUluaXRpYXRpdmVzT2NlYW5lcyZ1dG1fY2FtcGFpZ249c3ltcGF0aGlzYW50cyZ1dG1fbWVkaXVtPWVtYWlsIw#\" target=\"_blank\">Initiatives Oc\u00e9anes<\/a>, qui se tiendra\u00a0du 16 au 19 mars.\u00a0<\/b>On compte sur votre mobilisation pendant ce weekend et tout au long de l\u2019ann\u00e9e !\u00a0A vous de jouer !<\/p>\n<p><em>Let\u2019s pick the waste\u00a0up before the ocean takes care of it.\u00a0The perfect time for a collection?\u00a0<b>The\u00a0<a href=\"http:\/\/l.surfrider.eu\/lnk\/ADwAH7aJtd8AAUpruYUAAGyv2fgAARpeEukAGpIXAAfIWQBYxnBUrVZ9r_xDSiu5xnq22dg5mgAHT7k\/4\/ZHuzMeVyRtEsdva0w5kpQw\/aHR0cDovL3d3dy5vY2VhbmluaXRpYXRpdmVzLm9yZy8_dXRtX3NvdXJjZT1Jbml0aWF0aXZlc09jZWFuZXMmdXRtX2NhbXBhaWduPXN5bXBhdGhpc2FudHMmdXRtX21lZGl1bT1lbWFpbA\" target=\"_blank\">Ocean Initiative<\/a>\u00a0kick-off weekend from 16th to 19th of March.\u00a0<\/b>We count on you during this period or at any other time throughout the year.<\/em><\/p>\n","protected":false},"excerpt":{"rendered":"<p>Ramassons nos d\u00e9chets avant que la mer ne s\u2019en charge !\u00a0Le moment id\u00e9al pour organiser une collecte de d\u00e9chets ?\u00a0Le weekend phare des\u00a0Initiatives Oc\u00e9anes, qui se tiendra\u00a0du 16 au 19 mars.\u00a0On compte sur votre mobilisation pendant ce weekend et tout au long de l\u2019ann\u00e9e !\u00a0A vous de jouer ! Let\u2019s pick the waste\u00a0up before the [&hellip;]<\/p>\n","protected":false},"author":4,"featured_media":5808,"comment_status":"open","ping_status":"open","sticky":false,"template":"","format":"video","meta":{"footnotes":""},"categories":[1034],"tags":[148,1177],"class_list":["post-5807","post","type-post","status-publish","format-video","has-post-thumbnail","hentry","category-blog","tag-initiatives-oceanes","tag-kick-off","post_format-post-format-video"],"yoast_head":"<!-- This site is optimized with the Yoast SEO plugin v27.5 - https:\/\/yoast.com\/product\/yoast-seo-wordpress\/ -->\n<title>The Ocean Initiative 2017 kick-off weekend soon ! - GREG PENNE<\/title>\n<meta name=\"description\" content=\"Le weekend phare des Initiatives Oc\u00e9anes, qui se tiendra du 16 au 19 mars. The Ocean Initiative kick-off weekend from 16th to 19th of March...\" \/>\n<meta name=\"robots\" content=\"index, follow, max-snippet:-1, max-image-preview:large, max-video-preview:-1\" \/>\n<link rel=\"canonical\" href=\"https:\/\/gregpenne.com\/mainsite\/the-ocean-initiative-2017-kick-off-weekend-soon\/\" \/>\n<meta property=\"og:locale\" content=\"fr_FR\" \/>\n<meta property=\"og:type\" content=\"article\" \/>\n<meta property=\"og:title\" content=\"The Ocean Initiative 2017 kick-off weekend soon ! - GREG PENNE\" \/>\n<meta property=\"og:description\" content=\"Le weekend phare des Initiatives Oc\u00e9anes, qui se tiendra du 16 au 19 mars. The Ocean Initiative kick-off weekend from 16th to 19th of March...\" \/>\n<meta property=\"og:url\" content=\"https:\/\/gregpenne.com\/mainsite\/the-ocean-initiative-2017-kick-off-weekend-soon\/\" \/>\n<meta property=\"og:site_name\" content=\"GREG PENNE\" \/>\n<meta property=\"article:publisher\" content=\"http:\/\/www.facebook.com\/gregpenne\" \/>\n<meta property=\"article:published_time\" content=\"2017-03-13T15:02:28+00:00\" \/>\n<meta property=\"article:modified_time\" content=\"2017-03-13T15:05:40+00:00\" \/>\n<meta property=\"og:image\" content=\"https:\/\/gregpenne.com\/mainsite\/wp-content\/uploads\/2017\/03\/SURFRIDER-FOUNDATION-Europe-Initiatives-Oceanes-2017-Video-How-To-Do.png\" \/>\n\t<meta property=\"og:image:width\" content=\"2380\" \/>\n\t<meta property=\"og:image:height\" content=\"1264\" \/>\n\t<meta property=\"og:image:type\" content=\"image\/png\" \/>\n<meta name=\"author\" content=\"Greg PENNE\" \/>\n<meta name=\"twitter:card\" content=\"summary_large_image\" \/>\n<meta name=\"twitter:creator\" content=\"@GregPenne\" \/>\n<meta name=\"twitter:site\" content=\"@GregPenne\" \/>\n<meta name=\"twitter:label1\" content=\"\u00c9crit par\" \/>\n\t<meta name=\"twitter:data1\" content=\"Greg PENNE\" \/>\n\t<meta name=\"twitter:label2\" content=\"Dur\u00e9e de lecture estim\u00e9e\" \/>\n\t<meta name=\"twitter:data2\" content=\"1 minute\" \/>\n<script type=\"application\/ld+json\" class=\"yoast-schema-graph\">{\"@context\":\"https:\\\/\\\/schema.org\",\"@graph\":[{\"@type\":\"Article\",\"@id\":\"https:\\\/\\\/gregpenne.com\\\/mainsite\\\/the-ocean-initiative-2017-kick-off-weekend-soon\\\/#article\",\"isPartOf\":{\"@id\":\"https:\\\/\\\/gregpenne.com\\\/mainsite\\\/the-ocean-initiative-2017-kick-off-weekend-soon\\\/\"},\"author\":{\"name\":\"Greg PENNE\",\"@id\":\"https:\\\/\\\/gregpenne.com\\\/mainsite\\\/#\\\/schema\\\/person\\\/a3e573fbe304c0d54fe0ab2cceaf6c98\"},\"headline\":\"The Ocean Initiative 2017 kick-off weekend soon !\",\"datePublished\":\"2017-03-13T15:02:28+00:00\",\"dateModified\":\"2017-03-13T15:05:40+00:00\",\"mainEntityOfPage\":{\"@id\":\"https:\\\/\\\/gregpenne.com\\\/mainsite\\\/the-ocean-initiative-2017-kick-off-weekend-soon\\\/\"},\"wordCount\":128,\"commentCount\":0,\"image\":{\"@id\":\"https:\\\/\\\/gregpenne.com\\\/mainsite\\\/the-ocean-initiative-2017-kick-off-weekend-soon\\\/#primaryimage\"},\"thumbnailUrl\":\"https:\\\/\\\/gregpenne.com\\\/mainsite\\\/wp-content\\\/uploads\\\/2017\\\/03\\\/SURFRIDER-FOUNDATION-Europe-Initiatives-Oceanes-2017-Video-How-To-Do.png\",\"keywords\":[\"Initiatives Oceanes\",\"Kick-Off\"],\"articleSection\":[\"BLOG\"],\"inLanguage\":\"fr-FR\",\"potentialAction\":[{\"@type\":\"CommentAction\",\"name\":\"Comment\",\"target\":[\"https:\\\/\\\/gregpenne.com\\\/mainsite\\\/the-ocean-initiative-2017-kick-off-weekend-soon\\\/#respond\"]}]},{\"@type\":\"WebPage\",\"@id\":\"https:\\\/\\\/gregpenne.com\\\/mainsite\\\/the-ocean-initiative-2017-kick-off-weekend-soon\\\/\",\"url\":\"https:\\\/\\\/gregpenne.com\\\/mainsite\\\/the-ocean-initiative-2017-kick-off-weekend-soon\\\/\",\"name\":\"The Ocean Initiative 2017 kick-off weekend soon ! - GREG PENNE\",\"isPartOf\":{\"@id\":\"https:\\\/\\\/gregpenne.com\\\/mainsite\\\/#website\"},\"primaryImageOfPage\":{\"@id\":\"https:\\\/\\\/gregpenne.com\\\/mainsite\\\/the-ocean-initiative-2017-kick-off-weekend-soon\\\/#primaryimage\"},\"image\":{\"@id\":\"https:\\\/\\\/gregpenne.com\\\/mainsite\\\/the-ocean-initiative-2017-kick-off-weekend-soon\\\/#primaryimage\"},\"thumbnailUrl\":\"https:\\\/\\\/gregpenne.com\\\/mainsite\\\/wp-content\\\/uploads\\\/2017\\\/03\\\/SURFRIDER-FOUNDATION-Europe-Initiatives-Oceanes-2017-Video-How-To-Do.png\",\"datePublished\":\"2017-03-13T15:02:28+00:00\",\"dateModified\":\"2017-03-13T15:05:40+00:00\",\"author\":{\"@id\":\"https:\\\/\\\/gregpenne.com\\\/mainsite\\\/#\\\/schema\\\/person\\\/a3e573fbe304c0d54fe0ab2cceaf6c98\"},\"description\":\"Le weekend phare des Initiatives Oc\u00e9anes, qui se tiendra du 16 au 19 mars. The Ocean Initiative kick-off weekend from 16th to 19th of March...\",\"breadcrumb\":{\"@id\":\"https:\\\/\\\/gregpenne.com\\\/mainsite\\\/the-ocean-initiative-2017-kick-off-weekend-soon\\\/#breadcrumb\"},\"inLanguage\":\"fr-FR\",\"potentialAction\":[{\"@type\":\"ReadAction\",\"target\":[\"https:\\\/\\\/gregpenne.com\\\/mainsite\\\/the-ocean-initiative-2017-kick-off-weekend-soon\\\/\"]}]},{\"@type\":\"ImageObject\",\"inLanguage\":\"fr-FR\",\"@id\":\"https:\\\/\\\/gregpenne.com\\\/mainsite\\\/the-ocean-initiative-2017-kick-off-weekend-soon\\\/#primaryimage\",\"url\":\"https:\\\/\\\/gregpenne.com\\\/mainsite\\\/wp-content\\\/uploads\\\/2017\\\/03\\\/SURFRIDER-FOUNDATION-Europe-Initiatives-Oceanes-2017-Video-How-To-Do.png\",\"contentUrl\":\"https:\\\/\\\/gregpenne.com\\\/mainsite\\\/wp-content\\\/uploads\\\/2017\\\/03\\\/SURFRIDER-FOUNDATION-Europe-Initiatives-Oceanes-2017-Video-How-To-Do.png\",\"width\":2380,\"height\":1264,\"caption\":\"SURFRIDER FOUNDATION Europe Initiatives Oceanes 2017 Video How To Do\"},{\"@type\":\"BreadcrumbList\",\"@id\":\"https:\\\/\\\/gregpenne.com\\\/mainsite\\\/the-ocean-initiative-2017-kick-off-weekend-soon\\\/#breadcrumb\",\"itemListElement\":[{\"@type\":\"ListItem\",\"position\":1,\"name\":\"Accueil\",\"item\":\"https:\\\/\\\/gregpenne.com\\\/mainsite\\\/\"},{\"@type\":\"ListItem\",\"position\":2,\"name\":\"The Ocean Initiative 2017 kick-off weekend soon !\"}]},{\"@type\":\"WebSite\",\"@id\":\"https:\\\/\\\/gregpenne.com\\\/mainsite\\\/#website\",\"url\":\"https:\\\/\\\/gregpenne.com\\\/mainsite\\\/\",\"name\":\"GREG PENNE\",\"description\":\"Official Website of Greg Penne - Windsurf and SUP as ambassador for Surfrider Foundation Europe\",\"potentialAction\":[{\"@type\":\"SearchAction\",\"target\":{\"@type\":\"EntryPoint\",\"urlTemplate\":\"https:\\\/\\\/gregpenne.com\\\/mainsite\\\/?s={search_term_string}\"},\"query-input\":{\"@type\":\"PropertyValueSpecification\",\"valueRequired\":true,\"valueName\":\"search_term_string\"}}],\"inLanguage\":\"fr-FR\"},{\"@type\":\"Person\",\"@id\":\"https:\\\/\\\/gregpenne.com\\\/mainsite\\\/#\\\/schema\\\/person\\\/a3e573fbe304c0d54fe0ab2cceaf6c98\",\"name\":\"Greg PENNE\",\"image\":{\"@type\":\"ImageObject\",\"inLanguage\":\"fr-FR\",\"@id\":\"https:\\\/\\\/secure.gravatar.com\\\/avatar\\\/0f4db5bc6cb35924d0a27e4fa5923c46ceb09258a2df86a9066ae2fb39b8ee25?s=96&d=mm&r=g\",\"url\":\"https:\\\/\\\/secure.gravatar.com\\\/avatar\\\/0f4db5bc6cb35924d0a27e4fa5923c46ceb09258a2df86a9066ae2fb39b8ee25?s=96&d=mm&r=g\",\"contentUrl\":\"https:\\\/\\\/secure.gravatar.com\\\/avatar\\\/0f4db5bc6cb35924d0a27e4fa5923c46ceb09258a2df86a9066ae2fb39b8ee25?s=96&d=mm&r=g\",\"caption\":\"Greg PENNE\"},\"sameAs\":[\"http:\\\/\\\/www.gregpenne.com\"]}]}<\/script>\n<!-- \/ Yoast SEO plugin. -->","yoast_head_json":{"title":"The Ocean Initiative 2017 kick-off weekend soon ! - GREG PENNE","description":"Le weekend phare des Initiatives Oc\u00e9anes, qui se tiendra du 16 au 19 mars. The Ocean Initiative kick-off weekend from 16th to 19th of March...","robots":{"index":"index","follow":"follow","max-snippet":"max-snippet:-1","max-image-preview":"max-image-preview:large","max-video-preview":"max-video-preview:-1"},"canonical":"https:\/\/gregpenne.com\/mainsite\/the-ocean-initiative-2017-kick-off-weekend-soon\/","og_locale":"fr_FR","og_type":"article","og_title":"The Ocean Initiative 2017 kick-off weekend soon ! - GREG PENNE","og_description":"Le weekend phare des Initiatives Oc\u00e9anes, qui se tiendra du 16 au 19 mars. The Ocean Initiative kick-off weekend from 16th to 19th of March...","og_url":"https:\/\/gregpenne.com\/mainsite\/the-ocean-initiative-2017-kick-off-weekend-soon\/","og_site_name":"GREG PENNE","article_publisher":"http:\/\/www.facebook.com\/gregpenne","article_published_time":"2017-03-13T15:02:28+00:00","article_modified_time":"2017-03-13T15:05:40+00:00","og_image":[{"width":2380,"height":1264,"url":"https:\/\/gregpenne.com\/mainsite\/wp-content\/uploads\/2017\/03\/SURFRIDER-FOUNDATION-Europe-Initiatives-Oceanes-2017-Video-How-To-Do.png","type":"image\/png"}],"author":"Greg PENNE","twitter_card":"summary_large_image","twitter_creator":"@GregPenne","twitter_site":"@GregPenne","twitter_misc":{"\u00c9crit par":"Greg PENNE","Dur\u00e9e de lecture estim\u00e9e":"1 minute"},"schema":{"@context":"https:\/\/schema.org","@graph":[{"@type":"Article","@id":"https:\/\/gregpenne.com\/mainsite\/the-ocean-initiative-2017-kick-off-weekend-soon\/#article","isPartOf":{"@id":"https:\/\/gregpenne.com\/mainsite\/the-ocean-initiative-2017-kick-off-weekend-soon\/"},"author":{"name":"Greg PENNE","@id":"https:\/\/gregpenne.com\/mainsite\/#\/schema\/person\/a3e573fbe304c0d54fe0ab2cceaf6c98"},"headline":"The Ocean Initiative 2017 kick-off weekend soon !","datePublished":"2017-03-13T15:02:28+00:00","dateModified":"2017-03-13T15:05:40+00:00","mainEntityOfPage":{"@id":"https:\/\/gregpenne.com\/mainsite\/the-ocean-initiative-2017-kick-off-weekend-soon\/"},"wordCount":128,"commentCount":0,"image":{"@id":"https:\/\/gregpenne.com\/mainsite\/the-ocean-initiative-2017-kick-off-weekend-soon\/#primaryimage"},"thumbnailUrl":"https:\/\/gregpenne.com\/mainsite\/wp-content\/uploads\/2017\/03\/SURFRIDER-FOUNDATION-Europe-Initiatives-Oceanes-2017-Video-How-To-Do.png","keywords":["Initiatives Oceanes","Kick-Off"],"articleSection":["BLOG"],"inLanguage":"fr-FR","potentialAction":[{"@type":"CommentAction","name":"Comment","target":["https:\/\/gregpenne.com\/mainsite\/the-ocean-initiative-2017-kick-off-weekend-soon\/#respond"]}]},{"@type":"WebPage","@id":"https:\/\/gregpenne.com\/mainsite\/the-ocean-initiative-2017-kick-off-weekend-soon\/","url":"https:\/\/gregpenne.com\/mainsite\/the-ocean-initiative-2017-kick-off-weekend-soon\/","name":"The Ocean Initiative 2017 kick-off weekend soon ! - GREG PENNE","isPartOf":{"@id":"https:\/\/gregpenne.com\/mainsite\/#website"},"primaryImageOfPage":{"@id":"https:\/\/gregpenne.com\/mainsite\/the-ocean-initiative-2017-kick-off-weekend-soon\/#primaryimage"},"image":{"@id":"https:\/\/gregpenne.com\/mainsite\/the-ocean-initiative-2017-kick-off-weekend-soon\/#primaryimage"},"thumbnailUrl":"https:\/\/gregpenne.com\/mainsite\/wp-content\/uploads\/2017\/03\/SURFRIDER-FOUNDATION-Europe-Initiatives-Oceanes-2017-Video-How-To-Do.png","datePublished":"2017-03-13T15:02:28+00:00","dateModified":"2017-03-13T15:05:40+00:00","author":{"@id":"https:\/\/gregpenne.com\/mainsite\/#\/schema\/person\/a3e573fbe304c0d54fe0ab2cceaf6c98"},"description":"Le weekend phare des Initiatives Oc\u00e9anes, qui se tiendra du 16 au 19 mars. The Ocean Initiative kick-off weekend from 16th to 19th of March...","breadcrumb":{"@id":"https:\/\/gregpenne.com\/mainsite\/the-ocean-initiative-2017-kick-off-weekend-soon\/#breadcrumb"},"inLanguage":"fr-FR","potentialAction":[{"@type":"ReadAction","target":["https:\/\/gregpenne.com\/mainsite\/the-ocean-initiative-2017-kick-off-weekend-soon\/"]}]},{"@type":"ImageObject","inLanguage":"fr-FR","@id":"https:\/\/gregpenne.com\/mainsite\/the-ocean-initiative-2017-kick-off-weekend-soon\/#primaryimage","url":"https:\/\/gregpenne.com\/mainsite\/wp-content\/uploads\/2017\/03\/SURFRIDER-FOUNDATION-Europe-Initiatives-Oceanes-2017-Video-How-To-Do.png","contentUrl":"https:\/\/gregpenne.com\/mainsite\/wp-content\/uploads\/2017\/03\/SURFRIDER-FOUNDATION-Europe-Initiatives-Oceanes-2017-Video-How-To-Do.png","width":2380,"height":1264,"caption":"SURFRIDER FOUNDATION Europe Initiatives Oceanes 2017 Video How To Do"},{"@type":"BreadcrumbList","@id":"https:\/\/gregpenne.com\/mainsite\/the-ocean-initiative-2017-kick-off-weekend-soon\/#breadcrumb","itemListElement":[{"@type":"ListItem","position":1,"name":"Accueil","item":"https:\/\/gregpenne.com\/mainsite\/"},{"@type":"ListItem","position":2,"name":"The Ocean Initiative 2017 kick-off weekend soon !"}]},{"@type":"WebSite","@id":"https:\/\/gregpenne.com\/mainsite\/#website","url":"https:\/\/gregpenne.com\/mainsite\/","name":"GREG PENNE","description":"Official Website of Greg Penne - Windsurf and SUP as ambassador for Surfrider Foundation Europe","potentialAction":[{"@type":"SearchAction","target":{"@type":"EntryPoint","urlTemplate":"https:\/\/gregpenne.com\/mainsite\/?s={search_term_string}"},"query-input":{"@type":"PropertyValueSpecification","valueRequired":true,"valueName":"search_term_string"}}],"inLanguage":"fr-FR"},{"@type":"Person","@id":"https:\/\/gregpenne.com\/mainsite\/#\/schema\/person\/a3e573fbe304c0d54fe0ab2cceaf6c98","name":"Greg PENNE","image":{"@type":"ImageObject","inLanguage":"fr-FR","@id":"https:\/\/secure.gravatar.com\/avatar\/0f4db5bc6cb35924d0a27e4fa5923c46ceb09258a2df86a9066ae2fb39b8ee25?s=96&d=mm&r=g","url":"https:\/\/secure.gravatar.com\/avatar\/0f4db5bc6cb35924d0a27e4fa5923c46ceb09258a2df86a9066ae2fb39b8ee25?s=96&d=mm&r=g","contentUrl":"https:\/\/secure.gravatar.com\/avatar\/0f4db5bc6cb35924d0a27e4fa5923c46ceb09258a2df86a9066ae2fb39b8ee25?s=96&d=mm&r=g","caption":"Greg PENNE"},"sameAs":["http:\/\/www.gregpenne.com"]}]}},"_links":{"self":[{"href":"https:\/\/gregpenne.com\/mainsite\/wp-json\/wp\/v2\/posts\/5807","targetHints":{"allow":["GET"]}}],"collection":[{"href":"https:\/\/gregpenne.com\/mainsite\/wp-json\/wp\/v2\/posts"}],"about":[{"href":"https:\/\/gregpenne.com\/mainsite\/wp-json\/wp\/v2\/types\/post"}],"author":[{"embeddable":true,"href":"https:\/\/gregpenne.com\/mainsite\/wp-json\/wp\/v2\/users\/4"}],"replies":[{"embeddable":true,"href":"https:\/\/gregpenne.com\/mainsite\/wp-json\/wp\/v2\/comments?post=5807"}],"version-history":[{"count":0,"href":"https:\/\/gregpenne.com\/mainsite\/wp-json\/wp\/v2\/posts\/5807\/revisions"}],"wp:featuredmedia":[{"embeddable":true,"href":"https:\/\/gregpenne.com\/mainsite\/wp-json\/wp\/v2\/media\/5808"}],"wp:attachment":[{"href":"https:\/\/gregpenne.com\/mainsite\/wp-json\/wp\/v2\/media?parent=5807"}],"wp:term":[{"taxonomy":"category","embeddable":true,"href":"https:\/\/gregpenne.com\/mainsite\/wp-json\/wp\/v2\/categories?post=5807"},{"taxonomy":"post_tag","embeddable":true,"href":"https:\/\/gregpenne.com\/mainsite\/wp-json\/wp\/v2\/tags?post=5807"}],"curies":[{"name":"wp","href":"https:\/\/api.w.org\/{rel}","templated":true}]}}